{"id":43,"__str__":"Parecer da Comiss\u00e3o Permanente n\u00ba 8 de 2022","link_detail_backend":"/materia/43","metadata":{},"numero":8,"ano":2022,"numero_protocolo":43,"data_apresentacao":"2022-09-06","tipo_apresentacao":"E","data_publicacao":null,"numero_origem_externa":"","ano_origem_externa":null,"data_origem_externa":null,"apelido":"","dias_prazo":null,"data_fim_prazo":null,"em_tramitacao":true,"polemica":false,"objeto":"","complementar":false,"ementa":"PARECER DA COMISS\u00c3O DE JUSTI\u00c7A E REDA\u00c7\u00c3O AOS PROJETOS DE RESOLU\u00c7\u00d5ES N\u00b0S.: 001 E 002/2022, DATADOS DE 30 DE AGOSTO DE 2022.","indexacao":"","observacao":"","resultado":"","texto_original":"http://sapl.itagiba.ba.leg.br/media/sapl/public/materialegislativa/2022/43/parecer_cj_projetos_resolucoes_001_e_002.2022.pdf","data_ultima_atualizacao":"2022-10-17T17:33:35.416436-03:00","ip":"45.236.189.90","ultima_edicao":"2022-10-17T17:32:18.049037-03:00","tipo":8,"regime_tramitacao":3,"tipo_origem_externa":null,"local_origem_externa":null,"user":2,"anexadas":[],"autores":[1]}