{"id":262,"__str__":"Requerimento n\u00ba 19 de 2025","link_detail_backend":"/materia/262","metadata":{},"numero":19,"ano":2025,"numero_protocolo":80,"data_apresentacao":"2025-04-01","tipo_apresentacao":"E","data_publicacao":null,"numero_origem_externa":"","ano_origem_externa":null,"data_origem_externa":null,"apelido":"","dias_prazo":null,"data_fim_prazo":null,"em_tramitacao":true,"polemica":false,"objeto":"","complementar":false,"ementa":"Instala\u00e7\u00e3o/cria\u00e7\u00e3o de um memorial \u2013 galeria com todos os Vereadores e ex Vereadores deste Munic\u00edpio.","indexacao":"","observacao":"","resultado":"","texto_original":"http://sapl.itagiba.ba.leg.br/media/sapl/public/materialegislativa/2025/262/requerimento_no_19.2025.pdf","data_ultima_atualizacao":"2025-04-03T16:50:28.836543-03:00","ip":"45.236.188.180","ultima_edicao":"2025-04-03T16:50:28.705223-03:00","tipo":7,"regime_tramitacao":3,"tipo_origem_externa":null,"local_origem_externa":null,"user":2,"anexadas":[],"autores":[14,16,17]}